{"id":546,"date":"2015-10-02T13:18:35","date_gmt":"2015-10-02T11:18:35","guid":{"rendered":"http:\/\/www.moraleslada.com\/blog\/rafael\/?p=546"},"modified":"2015-10-02T13:20:13","modified_gmt":"2015-10-02T11:20:13","slug":"imac-27-pulgadas-finales-de-2009-como-extraer-o-instalar-memoria","status":"publish","type":"post","link":"http:\/\/www.moraleslada.com\/?p=546","title":{"rendered":"iMac (27 pulgadas, finales de 2009): C\u00f3mo extraer o instalar memoria"},"content":{"rendered":"<h3>Especificaciones de la memoria<\/h3>\n<p>Estos modelos iMac tienen las siguientes especificaciones de memoria:<br \/>\nN\u00famero de ranuras de memoria 4<br \/>\nMemoria base 4 GB (pero est\u00e1 configurada a medida)<br \/>\nMemoria m\u00e1xima 16 GB<br \/>\n<em>Nota: Para los modelos de iMac (finales de 2009) puedes utilizar m\u00f3dulos SO-DIMM de 2 o 4 GB de memoria SDRAM DDR3 a 1066 MHz en cada ranura.<\/em><\/p>\n<p>Utiliza m\u00f3dulos de memoria dual en l\u00ednea de contorno peque\u00f1o con transferencia de datos doble (SO-DIMM) que cumplan todas estas condiciones:<br \/>\n<strong>PC3-8500 &#8211; Sin b\u00fafer &#8211; Sin paridad &#8211; 204 patillas &#8211; SDRAM DDR3 a 1066 MHz<\/strong><\/p>\n<h5>Notas: Los ordenadores iMac Quad Core i5 e i7 tienen ocupadas las dos ranuras de memoria superiores. Estos ordenadores no arrancar\u00e1n si se instala un \u00fanico DIMM en alguna de las ranuras inferiores, pero s\u00ed deber\u00edan funcionar correctamente con un \u00fanico DIMM instalado en cualquiera de las ranuras superiores. Los ordenadores iMac Core Duo deber\u00edan funcionar con normalidad con un \u00fanico DIMM instalado en cualquier ranura, ya sea superior o inferior. (Con \u00abranuras superiores\u00bb y \u00abranuras inferiores\u00bb se hace referencia a la orientaci\u00f3n de las ranuras que se muestra en las siguientes im\u00e1genes. Las ranuras superiores son las m\u00e1s pr\u00f3ximas a la pantalla, mientras que las inferiores son las que se encuentran m\u00e1s cerca del soporte).<\/h5>\n<h3>C\u00f3mo extraer o instalar memoria<\/h3>\n<p>Advertencia: Los componentes internos del iMac pueden estar calientes. Si has estado utilizando el iMac, espera diez minutos despu\u00e9s de apagarlo para que los componentes internos se enfr\u00eden antes de continuar.<br \/>\nPara instalar la memoria en la ranura inferior, sigue estas instrucciones:<br \/>\nApaga el ordenador seleccionando el men\u00fa Apple (\uf8ff) y, a continuaci\u00f3n, Apagar.<br \/>\nDesconecta todos los cables y el cable de alimentaci\u00f3n del ordenador.<br \/>\nColoca una toalla o un pa\u00f1o suave y limpio sobre una mesa u otra superficie plana para evitar que la pantalla LCD se raye.<br \/>\nSujeta el ordenador por ambos lados y depos\u00edtalo lentamente boca abajo.<br \/>\nUtiliza un destornillador de estrella para desmontar la tapa de acceso a la memoria RAM ubicada en la parte inferior del ordenador.<\/p>\n<p>&nbsp;<\/p>\n<p>Para instalar la memoria en la ranura inferior, sigue estas instrucciones:<\/p>\n<ol>\n<li>Apaga el ordenador seleccionando el men\u00fa Apple (\uf8ff) y, a continuaci\u00f3n, Apagar.<\/li>\n<li>Desconecta todos los cables y el cable de alimentaci\u00f3n del ordenador.<\/li>\n<li>Coloca una toalla o un pa\u00f1o suave y limpio sobre una mesa u otra superficie plana para evitar que la pantalla LCD se raye.<\/li>\n<li>Sujeta el ordenador por ambos lados y depos\u00edtalo lentamente boca abajo.<\/li>\n<li>Utiliza un destornillador de estrella para desmontar la tapa de acceso a la memoria RAM ubicada en la parte inferior del ordenador.<a href=\"http:\/\/www.moraleslada.com\/blog\/rafael\/wp-content\/uploads\/2015\/10\/late09_memory_door.png\"><img loading=\"lazy\" class=\"aligncenter size-full wp-image-547\" src=\"http:\/\/www.moraleslada.com\/blog\/rafael\/wp-content\/uploads\/2015\/10\/late09_memory_door.png\" alt=\"late09_memory_door\" width=\"598\" height=\"381\" srcset=\"http:\/\/www.moraleslada.com\/wp-content\/uploads\/2015\/10\/late09_memory_door.png 598w, http:\/\/www.moraleslada.com\/wp-content\/uploads\/2015\/10\/late09_memory_door-300x191.png 300w\" sizes=\"(max-width: 598px) 100vw, 598px\" \/><\/a><\/li>\n<li>Retira la tapa de acceso y ponla a un lado.<\/li>\n<li>Saca la leng\u00fceta del compartimento de memoria. Si vas a sustituir un m\u00f3dulo de memoria, tira de la leng\u00fceta con cuidado para sacar el m\u00f3dulo de memoria instalado.<a href=\"http:\/\/www.moraleslada.com\/blog\/rafael\/wp-content\/uploads\/2015\/10\/late09_pull_tab.png\"><img loading=\"lazy\" class=\"aligncenter size-full wp-image-551\" src=\"http:\/\/www.moraleslada.com\/blog\/rafael\/wp-content\/uploads\/2015\/10\/late09_pull_tab.png\" alt=\"late09_pull_tab\" width=\"563\" height=\"383\" srcset=\"http:\/\/www.moraleslada.com\/wp-content\/uploads\/2015\/10\/late09_pull_tab.png 563w, http:\/\/www.moraleslada.com\/wp-content\/uploads\/2015\/10\/late09_pull_tab-300x204.png 300w\" sizes=\"(max-width: 563px) 100vw, 563px\" \/><\/a><\/li>\n<li>Inserta el m\u00f3dulo SO-DIMM nuevo o el de repuesto en la ranura vac\u00eda teniendo en cuenta la orientaci\u00f3n de los encajes del m\u00f3dulo SO-DIMM, como se indica a continuaci\u00f3n.<\/li>\n<li>Despu\u00e9s de insertarlo, encaja el m\u00f3dulo DIMM en la ranura. Deber\u00eda o\u00edrse un ligero clic cuando la memoria se haya instalado correctamente en su sitio.<a href=\"http:\/\/www.moraleslada.com\/blog\/rafael\/wp-content\/uploads\/2015\/10\/late09_memory_modules.png\"><img loading=\"lazy\" class=\"aligncenter size-full wp-image-549\" src=\"http:\/\/www.moraleslada.com\/blog\/rafael\/wp-content\/uploads\/2015\/10\/late09_memory_modules.png\" alt=\"late09_memory_modules\" width=\"563\" height=\"383\" srcset=\"http:\/\/www.moraleslada.com\/wp-content\/uploads\/2015\/10\/late09_memory_modules.png 563w, http:\/\/www.moraleslada.com\/wp-content\/uploads\/2015\/10\/late09_memory_modules-300x204.png 300w\" sizes=\"(max-width: 563px) 100vw, 563px\" \/><\/a><\/li>\n<li>Vuelve a colocar las solapas sobre los m\u00f3dulos DIMM de memoria y vuelve a instalar la cubierta de acceso de la memoria.<a href=\"http:\/\/www.moraleslada.com\/blog\/rafael\/wp-content\/uploads\/2015\/10\/late09_replace_access_door.png\"><img loading=\"lazy\" class=\"aligncenter size-full wp-image-550\" src=\"http:\/\/www.moraleslada.com\/blog\/rafael\/wp-content\/uploads\/2015\/10\/late09_replace_access_door.png\" alt=\"late09_replace_access_door\" width=\"596\" height=\"383\" srcset=\"http:\/\/www.moraleslada.com\/wp-content\/uploads\/2015\/10\/late09_replace_access_door.png 596w, http:\/\/www.moraleslada.com\/wp-content\/uploads\/2015\/10\/late09_replace_access_door-300x193.png 300w\" sizes=\"(max-width: 596px) 100vw, 596px\" \/><\/a><\/li>\n<li>Pon el ordenador en posici\u00f3n vertical, vuelve a conectar el cable de alimentaci\u00f3n y el resto de los cables y, finalmente, enci\u00e9ndelo.<\/li>\n<\/ol>\n<p>&nbsp;<\/p>\n<p><em>Actualizado de\u00a0 <a href=\"https:\/\/support.apple.com\/es-es\/HT201191\" target=\"_blank\">https:\/\/support.apple.com\/es-es\/HT201191<\/a> &#8212; (2 oct 2015)<\/em><\/p>\n","protected":false},"excerpt":{"rendered":"<p>Especificaciones de la memoria Estos modelos iMac tienen las siguientes especificaciones de memoria: N\u00famero de ranuras de memoria 4 Memoria base 4 GB (pero est\u00e1 configurada a medida) Memoria m\u00e1xima 16 GB Nota: Para los modelos de iMac (finales de 2009) puedes utilizar m\u00f3dulos SO-DIMM de 2 o 4 GB de memoria SDRAM DDR3 a [&hellip;]<\/p>\n","protected":false},"author":3,"featured_media":0,"comment_status":"closed","ping_status":"closed","sticky":false,"template":"","format":"standard","meta":{"_genesis_hide_title":false,"_genesis_hide_breadcrumbs":false,"_genesis_hide_singular_image":false,"_genesis_hide_footer_widgets":false,"_genesis_custom_body_class":"","_genesis_custom_post_class":"","_genesis_layout":""},"categories":[20],"tags":[],"_links":{"self":[{"href":"http:\/\/www.moraleslada.com\/index.php?rest_route=\/wp\/v2\/posts\/546"}],"collection":[{"href":"http:\/\/www.moraleslada.com\/index.php?rest_route=\/wp\/v2\/posts"}],"about":[{"href":"http:\/\/www.moraleslada.com\/index.php?rest_route=\/wp\/v2\/types\/post"}],"author":[{"embeddable":true,"href":"http:\/\/www.moraleslada.com\/index.php?rest_route=\/wp\/v2\/users\/3"}],"replies":[{"embeddable":true,"href":"http:\/\/www.moraleslada.com\/index.php?rest_route=%2Fwp%2Fv2%2Fcomments&post=546"}],"version-history":[{"count":4,"href":"http:\/\/www.moraleslada.com\/index.php?rest_route=\/wp\/v2\/posts\/546\/revisions"}],"predecessor-version":[{"id":554,"href":"http:\/\/www.moraleslada.com\/index.php?rest_route=\/wp\/v2\/posts\/546\/revisions\/554"}],"wp:attachment":[{"href":"http:\/\/www.moraleslada.com\/index.php?rest_route=%2Fwp%2Fv2%2Fmedia&parent=546"}],"wp:term":[{"taxonomy":"category","embeddable":true,"href":"http:\/\/www.moraleslada.com\/index.php?rest_route=%2Fwp%2Fv2%2Fcategories&post=546"},{"taxonomy":"post_tag","embeddable":true,"href":"http:\/\/www.moraleslada.com\/index.php?rest_route=%2Fwp%2Fv2%2Ftags&post=546"}],"curies":[{"name":"wp","href":"https:\/\/api.w.org\/{rel}","templated":true}]}}